{"id":6618,"date":"2026-04-29T19:28:53","date_gmt":"2026-04-29T17:28:53","guid":{"rendered":"https:\/\/fv-vilseck.de\/?p=6618"},"modified":"2026-04-29T19:28:53","modified_gmt":"2026-04-29T17:28:53","slug":"unterstuetzt-uns-beim-wuerth-vereinsheimwerker-voting","status":"publish","type":"post","link":"https:\/\/fv-vilseck.de\/?p=6618","title":{"rendered":"Unterst\u00fctzt uns beim W\u00fcrth-Vereinsheimwerker-Voting"},"content":{"rendered":"<p>Wir wandeln einen Raum, der aktuell als Abstellkammer dient, um in ein zeitgem\u00e4\u00dfes Gesch\u00e4ftszimmer. Ihr k\u00f6nnt uns dabei helfen, indem Ihr uns beim W\u00fcrth-Vereinsheimwerker-Voting unterst\u00fctzt. Direkt zum Voting gelangt Ihr \u00fcber den folgenden Link:<\/p>\n<p><a href=\"https:\/\/www.wuerth-vereinsheimwerker.de\/projekt\/019d1be0-3658-796d-bc4d-873bcbdc080a\">https:\/\/www.wuerth-vereinsheimwerker.de\/projekt\/019d1be0-3658-796d-bc4d-873bcbdc080a<\/a><\/p>\n<p>&nbsp;<\/p>\n","protected":false},"excerpt":{"rendered":"<p>Wir wandeln einen Raum, der aktuell als Abstellkammer dient, um in ein zeitgem\u00e4\u00dfes Gesch\u00e4ftszimmer. Ihr k\u00f6nnt uns dabei helfen, indem Ihr uns beim W\u00fcrth-Vereinsheimwerker-Voting unterst\u00fctzt. Direkt zum Voting gelangt Ihr \u00fcber den folgenden Link: https:\/\/www.wuerth-vereinsheimwerker.de\/projekt\/019d1be0-3658-796d-bc4d-873bcbdc080a &nbsp;<\/p>\n","protected":false},"author":3,"featured_media":6619,"comment_status":"open","ping_status":"open","sticky":false,"template":"","format":"standard","meta":{"footnotes":""},"categories":[1],"tags":[],"class_list":["post-6618","post","type-post","status-publish","format-standard","has-post-thumbnail","hentry","category-allgemein"],"_links":{"self":[{"href":"https:\/\/fv-vilseck.de\/index.php?rest_route=\/wp\/v2\/posts\/6618","targetHints":{"allow":["GET"]}}],"collection":[{"href":"https:\/\/fv-vilseck.de\/index.php?rest_route=\/wp\/v2\/posts"}],"about":[{"href":"https:\/\/fv-vilseck.de\/index.php?rest_route=\/wp\/v2\/types\/post"}],"author":[{"embeddable":true,"href":"https:\/\/fv-vilseck.de\/index.php?rest_route=\/wp\/v2\/users\/3"}],"replies":[{"embeddable":true,"href":"https:\/\/fv-vilseck.de\/index.php?rest_route=%2Fwp%2Fv2%2Fcomments&post=6618"}],"version-history":[{"count":1,"href":"https:\/\/fv-vilseck.de\/index.php?rest_route=\/wp\/v2\/posts\/6618\/revisions"}],"predecessor-version":[{"id":6620,"href":"https:\/\/fv-vilseck.de\/index.php?rest_route=\/wp\/v2\/posts\/6618\/revisions\/6620"}],"wp:featuredmedia":[{"embeddable":true,"href":"https:\/\/fv-vilseck.de\/index.php?rest_route=\/wp\/v2\/media\/6619"}],"wp:attachment":[{"href":"https:\/\/fv-vilseck.de\/index.php?rest_route=%2Fwp%2Fv2%2Fmedia&parent=6618"}],"wp:term":[{"taxonomy":"category","embeddable":true,"href":"https:\/\/fv-vilseck.de\/index.php?rest_route=%2Fwp%2Fv2%2Fcategories&post=6618"},{"taxonomy":"post_tag","embeddable":true,"href":"https:\/\/fv-vilseck.de\/index.php?rest_route=%2Fwp%2Fv2%2Ftags&post=6618"}],"curies":[{"name":"wp","href":"https:\/\/api.w.org\/{rel}","templated":true}]}}