{"id":6611,"date":"2026-04-28T20:51:27","date_gmt":"2026-04-28T18:51:27","guid":{"rendered":"https:\/\/fv-vilseck.de\/?p=6611"},"modified":"2026-04-28T20:51:27","modified_gmt":"2026-04-28T18:51:27","slug":"befreit-aufspielen","status":"publish","type":"post","link":"https:\/\/fv-vilseck.de\/?p=6611","title":{"rendered":"Befreit aufspielen"},"content":{"rendered":"<p>Der Ligaerhalt ist geschafft, aber die Luft ist noch nicht raus. Schon unmittelbar nach dem erl\u00f6senden 3:1-Sieg in K\u00f6fering schwor Trainer Gra\u00dfler die Seinen ein. Die Saison sei nicht vorbei und es gibt noch Punkte zu holen. Am liebsten nat\u00fcrlich im kommenden letzten Heimspiel am Sonntag ab 15:00 Uhr gegen den FC Rieden. Es wird spannend zu beobachten sein, welches Team mit seiner Situation besser zurecht kommt \u2013 der FV, der befreit aufspielen kann, oder die G\u00e4ste aus dem Vilstal, die nach einer Durststrecke &#8211; es hatte vier sieg- und torlose Spiele gegeben &#8211; unverhofft wieder Tuchf\u00fchlung zum Relegationsplatz 2 haben und sicher mit aller Macht Druck auf den TuS Rosenberg aus\u00fcben wollen. Es ist also angerichtet f\u00fcr beste Fu\u00dfballunterhaltung.<\/p>\n<p>Ebenfalls Stress aus\u00fcben m\u00f6chte die SG Sorghof\/Vilseck. Wie beim FC Rieden sind es nur noch zwei Z\u00e4hler R\u00fcckstand zur Aufstiegsrelegation. Mit einem Sieg beim SC Germania Amberg 2 (Sonntag, 13:15 Uhr) w\u00fcrde man weiter Druck auf die TSG Weiherhammer aus\u00fcben.<\/p>\n","protected":false},"excerpt":{"rendered":"<p>Der Ligaerhalt ist geschafft, aber die Luft ist noch nicht raus. Schon unmittelbar nach dem erl\u00f6senden 3:1-Sieg in K\u00f6fering schwor Trainer Gra\u00dfler die Seinen ein. Die Saison sei nicht vorbei und es gibt noch Punkte zu holen. Am liebsten nat\u00fcrlich im kommenden letzten Heimspiel am Sonntag ab 15:00 Uhr gegen den FC Rieden. Es wird<\/p>\n<p><a class=\"read-more\" href=\"https:\/\/fv-vilseck.de\/?p=6611\"> Mehr lesen&#8230;<\/a><\/p>\n","protected":false},"author":3,"featured_media":6612,"comment_status":"open","ping_status":"open","sticky":false,"template":"","format":"standard","meta":{"footnotes":""},"categories":[1],"tags":[],"class_list":["post-6611","post","type-post","status-publish","format-standard","has-post-thumbnail","hentry","category-allgemein"],"_links":{"self":[{"href":"https:\/\/fv-vilseck.de\/index.php?rest_route=\/wp\/v2\/posts\/6611","targetHints":{"allow":["GET"]}}],"collection":[{"href":"https:\/\/fv-vilseck.de\/index.php?rest_route=\/wp\/v2\/posts"}],"about":[{"href":"https:\/\/fv-vilseck.de\/index.php?rest_route=\/wp\/v2\/types\/post"}],"author":[{"embeddable":true,"href":"https:\/\/fv-vilseck.de\/index.php?rest_route=\/wp\/v2\/users\/3"}],"replies":[{"embeddable":true,"href":"https:\/\/fv-vilseck.de\/index.php?rest_route=%2Fwp%2Fv2%2Fcomments&post=6611"}],"version-history":[{"count":1,"href":"https:\/\/fv-vilseck.de\/index.php?rest_route=\/wp\/v2\/posts\/6611\/revisions"}],"predecessor-version":[{"id":6613,"href":"https:\/\/fv-vilseck.de\/index.php?rest_route=\/wp\/v2\/posts\/6611\/revisions\/6613"}],"wp:featuredmedia":[{"embeddable":true,"href":"https:\/\/fv-vilseck.de\/index.php?rest_route=\/wp\/v2\/media\/6612"}],"wp:attachment":[{"href":"https:\/\/fv-vilseck.de\/index.php?rest_route=%2Fwp%2Fv2%2Fmedia&parent=6611"}],"wp:term":[{"taxonomy":"category","embeddable":true,"href":"https:\/\/fv-vilseck.de\/index.php?rest_route=%2Fwp%2Fv2%2Fcategories&post=6611"},{"taxonomy":"post_tag","embeddable":true,"href":"https:\/\/fv-vilseck.de\/index.php?rest_route=%2Fwp%2Fv2%2Ftags&post=6611"}],"curies":[{"name":"wp","href":"https:\/\/api.w.org\/{rel}","templated":true}]}}