{"id":6608,"date":"2026-04-26T20:02:06","date_gmt":"2026-04-26T18:02:06","guid":{"rendered":"https:\/\/fv-vilseck.de\/?p=6608"},"modified":"2026-04-26T20:02:06","modified_gmt":"2026-04-26T18:02:06","slug":"nachgelegt-die-zweite","status":"publish","type":"post","link":"https:\/\/fv-vilseck.de\/?p=6608","title":{"rendered":"Nachgelegt &#8211; die Zweite!"},"content":{"rendered":"<p>Auch die SG Sorghof\/Vilseck bleibt in der Spur und greift dank des Ausrutschers der TSG Weiherhammer noch einmal oben an! Bei der SG Michaelpoppenricht\/Tra\u00dflberg gab es einen 3:1-Ausw\u00e4rtserfolg. Nach einem Doppelschlag durch Udo Hagerer (14.) und Oliver Freitag (19.) hie\u00df es nach dem Anschlusstreffer durch Timon Eichinger (37.) lange Zeit zittern. In der Schlussminute erl\u00f6ste Christoph Hermann die SG mit dem 3:1, womit man bis auf zwei Punkte an den Relegationsrang heranger\u00fcckt ist.<\/p>\n","protected":false},"excerpt":{"rendered":"<p>Auch die SG Sorghof\/Vilseck bleibt in der Spur und greift dank des Ausrutschers der TSG Weiherhammer noch einmal oben an! Bei der SG Michaelpoppenricht\/Tra\u00dflberg gab es einen 3:1-Ausw\u00e4rtserfolg. Nach einem Doppelschlag durch Udo Hagerer (14.) und Oliver Freitag (19.) hie\u00df es nach dem Anschlusstreffer durch Timon Eichinger (37.) lange Zeit zittern. In der Schlussminute erl\u00f6ste<\/p>\n<p><a class=\"read-more\" href=\"https:\/\/fv-vilseck.de\/?p=6608\"> Mehr lesen&#8230;<\/a><\/p>\n","protected":false},"author":3,"featured_media":6609,"comment_status":"open","ping_status":"open","sticky":false,"template":"","format":"standard","meta":{"footnotes":""},"categories":[1],"tags":[],"class_list":["post-6608","post","type-post","status-publish","format-standard","has-post-thumbnail","hentry","category-allgemein"],"_links":{"self":[{"href":"https:\/\/fv-vilseck.de\/index.php?rest_route=\/wp\/v2\/posts\/6608","targetHints":{"allow":["GET"]}}],"collection":[{"href":"https:\/\/fv-vilseck.de\/index.php?rest_route=\/wp\/v2\/posts"}],"about":[{"href":"https:\/\/fv-vilseck.de\/index.php?rest_route=\/wp\/v2\/types\/post"}],"author":[{"embeddable":true,"href":"https:\/\/fv-vilseck.de\/index.php?rest_route=\/wp\/v2\/users\/3"}],"replies":[{"embeddable":true,"href":"https:\/\/fv-vilseck.de\/index.php?rest_route=%2Fwp%2Fv2%2Fcomments&post=6608"}],"version-history":[{"count":1,"href":"https:\/\/fv-vilseck.de\/index.php?rest_route=\/wp\/v2\/posts\/6608\/revisions"}],"predecessor-version":[{"id":6610,"href":"https:\/\/fv-vilseck.de\/index.php?rest_route=\/wp\/v2\/posts\/6608\/revisions\/6610"}],"wp:featuredmedia":[{"embeddable":true,"href":"https:\/\/fv-vilseck.de\/index.php?rest_route=\/wp\/v2\/media\/6609"}],"wp:attachment":[{"href":"https:\/\/fv-vilseck.de\/index.php?rest_route=%2Fwp%2Fv2%2Fmedia&parent=6608"}],"wp:term":[{"taxonomy":"category","embeddable":true,"href":"https:\/\/fv-vilseck.de\/index.php?rest_route=%2Fwp%2Fv2%2Fcategories&post=6608"},{"taxonomy":"post_tag","embeddable":true,"href":"https:\/\/fv-vilseck.de\/index.php?rest_route=%2Fwp%2Fv2%2Ftags&post=6608"}],"curies":[{"name":"wp","href":"https:\/\/api.w.org\/{rel}","templated":true}]}}