{"id":6437,"date":"2025-10-12T19:32:57","date_gmt":"2025-10-12T17:32:57","guid":{"rendered":"https:\/\/fv-vilseck.de\/?p=6437"},"modified":"2025-10-12T19:32:57","modified_gmt":"2025-10-12T17:32:57","slug":"unglueckliche-niederlage-in-rieden","status":"publish","type":"post","link":"https:\/\/fv-vilseck.de\/?p=6437","title":{"rendered":"Ungl\u00fcckliche Niederlage in Rieden"},"content":{"rendered":"<h3 dir=\"auto\">Ungl\u00fcckliche Niederlage in Rieden<\/h3>\n<div dir=\"auto\"><\/div>\n<div dir=\"auto\">In einer umk\u00e4mpften Partie setzte sich der 1. FC Rieden knapp mit 1:0 gegen den FV durch. Die G\u00e4ste aus Vilseck fanden zun\u00e4chst besser ins Spiel und machten in den Anfangsminuten mehr Druck. Rieden agierte abwartend und suchte zun\u00e4chst nach Stabilit\u00e4t in der Defensive. Trotz der optischen \u00dcberlegenheit der G\u00e4ste ging Rieden in der 21. Minute mit der ersten klaren Torchance in F\u00fchrung und Phillip K\u00f6bl traf eiskalt zum 1:0.<\/div>\n<div dir=\"auto\"><\/div>\n<div dir=\"auto\">Im Anschluss verlor das Spiel etwas an Struktur. Klare Torchancen blieben auf beiden Seiten Mangelware. Die beste M\u00f6glichkeit zum Ausgleich hatte Vilseck nach einem Fehlpass im Riedener Spielaufbau, doch der FCR-Keeper rettete stark im Eins-gegen-eins. Kurz vor der Pause sorgte eine strittige Szene f\u00fcr Diskussionen: Dominik Rudlof wurde am Sechzehnereck zu Fall gebracht und w\u00e4re wohl frei durch gewesen \u2013 der Schiedsrichter entschied jedoch nur auf Freisto\u00df und verzichtete auf eine Karte.<\/div>\n<div dir=\"auto\"><\/div>\n<div dir=\"auto\">Nach dem Seitenwechsel bot sich den Zuschauern ein weitgehend ausgeglichenes Spiel. Beide Mannschaften erarbeiteten sich vereinzelt gef\u00e4hrliche Situationen. Der FV dr\u00e4ngte in der Schlussphase nochmals auf den Ausgleich, doch Rieden verteidigte leidenschaftlich und brachte den knappen Vorsprung \u00fcber die Zeit.<\/div>\n","protected":false},"excerpt":{"rendered":"<p>Ungl\u00fcckliche Niederlage in Rieden In einer umk\u00e4mpften Partie setzte sich der 1. FC Rieden knapp mit 1:0 gegen den FV durch. Die G\u00e4ste aus Vilseck fanden zun\u00e4chst besser ins Spiel und machten in den Anfangsminuten mehr Druck. Rieden agierte abwartend und suchte zun\u00e4chst nach Stabilit\u00e4t in der Defensive. Trotz der optischen \u00dcberlegenheit der G\u00e4ste ging<\/p>\n<p><a class=\"read-more\" href=\"https:\/\/fv-vilseck.de\/?p=6437\"> Mehr lesen&#8230;<\/a><\/p>\n","protected":false},"author":3,"featured_media":0,"comment_status":"open","ping_status":"open","sticky":false,"template":"","format":"standard","meta":{"footnotes":""},"categories":[1],"tags":[],"class_list":["post-6437","post","type-post","status-publish","format-standard","hentry","category-allgemein"],"_links":{"self":[{"href":"https:\/\/fv-vilseck.de\/index.php?rest_route=\/wp\/v2\/posts\/6437","targetHints":{"allow":["GET"]}}],"collection":[{"href":"https:\/\/fv-vilseck.de\/index.php?rest_route=\/wp\/v2\/posts"}],"about":[{"href":"https:\/\/fv-vilseck.de\/index.php?rest_route=\/wp\/v2\/types\/post"}],"author":[{"embeddable":true,"href":"https:\/\/fv-vilseck.de\/index.php?rest_route=\/wp\/v2\/users\/3"}],"replies":[{"embeddable":true,"href":"https:\/\/fv-vilseck.de\/index.php?rest_route=%2Fwp%2Fv2%2Fcomments&post=6437"}],"version-history":[{"count":1,"href":"https:\/\/fv-vilseck.de\/index.php?rest_route=\/wp\/v2\/posts\/6437\/revisions"}],"predecessor-version":[{"id":6438,"href":"https:\/\/fv-vilseck.de\/index.php?rest_route=\/wp\/v2\/posts\/6437\/revisions\/6438"}],"wp:attachment":[{"href":"https:\/\/fv-vilseck.de\/index.php?rest_route=%2Fwp%2Fv2%2Fmedia&parent=6437"}],"wp:term":[{"taxonomy":"category","embeddable":true,"href":"https:\/\/fv-vilseck.de\/index.php?rest_route=%2Fwp%2Fv2%2Fcategories&post=6437"},{"taxonomy":"post_tag","embeddable":true,"href":"https:\/\/fv-vilseck.de\/index.php?rest_route=%2Fwp%2Fv2%2Ftags&post=6437"}],"curies":[{"name":"wp","href":"https:\/\/api.w.org\/{rel}","templated":true}]}}