{"id":6434,"date":"2025-10-10T20:38:00","date_gmt":"2025-10-10T18:38:00","guid":{"rendered":"https:\/\/fv-vilseck.de\/?p=6434"},"modified":"2025-10-10T20:38:00","modified_gmt":"2025-10-10T18:38:00","slug":"sg-weiter-in-torlaune","status":"publish","type":"post","link":"https:\/\/fv-vilseck.de\/?p=6434","title":{"rendered":"SG weiter in Torlaune"},"content":{"rendered":"<h3>SG weiter in Torlaune<\/h3>\n<p>Mit einem \u00fcberzeugenden 5:1-Sieg gegen Germania Amberg II klopft die SG Sorghof\/Vilseck an der Tabellenspitze an. Die Hagerer-Elf erwischte einen Start nach Ma\u00df: Christoph Nutz war \u00fcber rechts auf und davon, bediente musterg\u00fcltig seinen Spielertrainer und dieser lie\u00df sich nicht zweimal bitten (8.). Danach betrieb man allerdings Chancenwucher und wurde in der 38. Minute bestraft. Ein Freisto\u00df wurde ungl\u00fccklich zu Florian Danzer verl\u00e4ngert, der ohne Probleme zum Ausgleich einschoss. Bis zur Halbzeit war ein Bruch im Spiel der Heimelf, doch in der zweiten H\u00e4lfte entschied Christoph Hermann binnen einer Viertelstunde die Partie von der Eckfahne aus. Zun\u00e4chst nickte Hagerer zum 2:1 ein (53.), danach provozierte Hermann durch die gef\u00e4hrlichen Hereingaben zwei Amberger Eigentore (63.\/70.). Den sehenswerten Schlusspunkt setzte Tim Roider mit einem gef\u00fchlvollen Chip aus gro\u00dfer Distanz, der \u00fcber den Torwart hinweg schlie\u00dflich im Dreieck landete.<\/p>\n","protected":false},"excerpt":{"rendered":"<p>SG weiter in Torlaune Mit einem \u00fcberzeugenden 5:1-Sieg gegen Germania Amberg II klopft die SG Sorghof\/Vilseck an der Tabellenspitze an. Die Hagerer-Elf erwischte einen Start nach Ma\u00df: Christoph Nutz war \u00fcber rechts auf und davon, bediente musterg\u00fcltig seinen Spielertrainer und dieser lie\u00df sich nicht zweimal bitten (8.). Danach betrieb man allerdings Chancenwucher und wurde in<\/p>\n<p><a class=\"read-more\" href=\"https:\/\/fv-vilseck.de\/?p=6434\"> Mehr lesen&#8230;<\/a><\/p>\n","protected":false},"author":3,"featured_media":6435,"comment_status":"open","ping_status":"open","sticky":false,"template":"","format":"standard","meta":{"footnotes":""},"categories":[1],"tags":[],"class_list":["post-6434","post","type-post","status-publish","format-standard","has-post-thumbnail","hentry","category-allgemein"],"_links":{"self":[{"href":"https:\/\/fv-vilseck.de\/index.php?rest_route=\/wp\/v2\/posts\/6434","targetHints":{"allow":["GET"]}}],"collection":[{"href":"https:\/\/fv-vilseck.de\/index.php?rest_route=\/wp\/v2\/posts"}],"about":[{"href":"https:\/\/fv-vilseck.de\/index.php?rest_route=\/wp\/v2\/types\/post"}],"author":[{"embeddable":true,"href":"https:\/\/fv-vilseck.de\/index.php?rest_route=\/wp\/v2\/users\/3"}],"replies":[{"embeddable":true,"href":"https:\/\/fv-vilseck.de\/index.php?rest_route=%2Fwp%2Fv2%2Fcomments&post=6434"}],"version-history":[{"count":1,"href":"https:\/\/fv-vilseck.de\/index.php?rest_route=\/wp\/v2\/posts\/6434\/revisions"}],"predecessor-version":[{"id":6436,"href":"https:\/\/fv-vilseck.de\/index.php?rest_route=\/wp\/v2\/posts\/6434\/revisions\/6436"}],"wp:featuredmedia":[{"embeddable":true,"href":"https:\/\/fv-vilseck.de\/index.php?rest_route=\/wp\/v2\/media\/6435"}],"wp:attachment":[{"href":"https:\/\/fv-vilseck.de\/index.php?rest_route=%2Fwp%2Fv2%2Fmedia&parent=6434"}],"wp:term":[{"taxonomy":"category","embeddable":true,"href":"https:\/\/fv-vilseck.de\/index.php?rest_route=%2Fwp%2Fv2%2Fcategories&post=6434"},{"taxonomy":"post_tag","embeddable":true,"href":"https:\/\/fv-vilseck.de\/index.php?rest_route=%2Fwp%2Fv2%2Ftags&post=6434"}],"curies":[{"name":"wp","href":"https:\/\/api.w.org\/{rel}","templated":true}]}}