{"id":6431,"date":"2025-10-10T14:03:03","date_gmt":"2025-10-10T12:03:03","guid":{"rendered":"https:\/\/fv-vilseck.de\/?p=6431"},"modified":"2025-10-10T14:03:03","modified_gmt":"2025-10-10T12:03:03","slug":"plaetze-gutmachen","status":"publish","type":"post","link":"https:\/\/fv-vilseck.de\/?p=6431","title":{"rendered":"Pl\u00e4tze gutmachen?"},"content":{"rendered":"<h3>Pl\u00e4tze gutmachen?<\/h3>\n<p>Am <strong>Freitag, 10.10.25<\/strong> empf\u00e4ngt die <strong>SG Sorghof\/Vilseck<\/strong> auf dem <strong>Sportgel\u00e4nde in Vilseck<\/strong> die Zweitvertretung des<strong> SC Germania Amberg<\/strong>. Mit drei Siegen in Folge hat sich die Hagerer-Elf zuletzt ins Mittelfeld der Tabelle vorgearbeitet, das interessanterweise gleichbedeutend mit der Spitzengruppe ist. Nur f\u00fcnf Z\u00e4hler trennen den Tabellenneunten vom Spitzenplatz. Mit einem weiteren Erfolg w\u00fcrde die SG ihren Gegner \u00fcberholen und w\u00e4re wirklich dran an den interessanten R\u00e4ngen.<\/p>\n<p>Am <strong>Sonntag ab 15:30 Uhr<\/strong> gastiert der <strong>FV Vilseck<\/strong> dann <strong>beim FC Rieden<\/strong> und sieht sich in einer \u00e4hnlichen Situation. Auch hier w\u00fcrde man mit einem Dreier in der Tabelle am FC vorbeiziehen. Mit einem 7:0 gegen K\u00f6fering hat man durchaus Selbstvertrauen getankt. Allerdings wei\u00df man im Vilsecker Lager auch, dass man mit dem Vorjahresvize, der erst in der Relegation am Aufstieg scheiterte, auf ein anderes Kaliber als zuletzt trifft. Umgekehrt hat auch der FV in den bisherigen Duellen gegen die Spitzenteams der Liga gezeigt, dass man mit jedem Gegner mindestens mithalten kann. Auf die Fans d\u00fcrfte ein interessantes Spiel warten.<\/p>\n<p>&nbsp;<\/p>\n<p>&nbsp;<\/p>\n","protected":false},"excerpt":{"rendered":"<p>Pl\u00e4tze gutmachen? Am Freitag, 10.10.25 empf\u00e4ngt die SG Sorghof\/Vilseck auf dem Sportgel\u00e4nde in Vilseck die Zweitvertretung des SC Germania Amberg. Mit drei Siegen in Folge hat sich die Hagerer-Elf zuletzt ins Mittelfeld der Tabelle vorgearbeitet, das interessanterweise gleichbedeutend mit der Spitzengruppe ist. Nur f\u00fcnf Z\u00e4hler trennen den Tabellenneunten vom Spitzenplatz. Mit einem weiteren Erfolg w\u00fcrde<\/p>\n<p><a class=\"read-more\" href=\"https:\/\/fv-vilseck.de\/?p=6431\"> Mehr lesen&#8230;<\/a><\/p>\n","protected":false},"author":3,"featured_media":6432,"comment_status":"open","ping_status":"open","sticky":false,"template":"","format":"standard","meta":{"footnotes":""},"categories":[1],"tags":[],"class_list":["post-6431","post","type-post","status-publish","format-standard","has-post-thumbnail","hentry","category-allgemein"],"_links":{"self":[{"href":"https:\/\/fv-vilseck.de\/index.php?rest_route=\/wp\/v2\/posts\/6431","targetHints":{"allow":["GET"]}}],"collection":[{"href":"https:\/\/fv-vilseck.de\/index.php?rest_route=\/wp\/v2\/posts"}],"about":[{"href":"https:\/\/fv-vilseck.de\/index.php?rest_route=\/wp\/v2\/types\/post"}],"author":[{"embeddable":true,"href":"https:\/\/fv-vilseck.de\/index.php?rest_route=\/wp\/v2\/users\/3"}],"replies":[{"embeddable":true,"href":"https:\/\/fv-vilseck.de\/index.php?rest_route=%2Fwp%2Fv2%2Fcomments&post=6431"}],"version-history":[{"count":1,"href":"https:\/\/fv-vilseck.de\/index.php?rest_route=\/wp\/v2\/posts\/6431\/revisions"}],"predecessor-version":[{"id":6433,"href":"https:\/\/fv-vilseck.de\/index.php?rest_route=\/wp\/v2\/posts\/6431\/revisions\/6433"}],"wp:featuredmedia":[{"embeddable":true,"href":"https:\/\/fv-vilseck.de\/index.php?rest_route=\/wp\/v2\/media\/6432"}],"wp:attachment":[{"href":"https:\/\/fv-vilseck.de\/index.php?rest_route=%2Fwp%2Fv2%2Fmedia&parent=6431"}],"wp:term":[{"taxonomy":"category","embeddable":true,"href":"https:\/\/fv-vilseck.de\/index.php?rest_route=%2Fwp%2Fv2%2Fcategories&post=6431"},{"taxonomy":"post_tag","embeddable":true,"href":"https:\/\/fv-vilseck.de\/index.php?rest_route=%2Fwp%2Fv2%2Ftags&post=6431"}],"curies":[{"name":"wp","href":"https:\/\/api.w.org\/{rel}","templated":true}]}}