{"id":6364,"date":"2025-08-31T17:14:00","date_gmt":"2025-08-31T15:14:00","guid":{"rendered":"https:\/\/fv-vilseck.de\/?p=6364"},"modified":"2025-09-02T23:20:09","modified_gmt":"2025-09-02T21:20:09","slug":"der-august-endet-unerfreulich","status":"publish","type":"post","link":"https:\/\/fv-vilseck.de\/?p=6364","title":{"rendered":"Der August endet unerfreulich"},"content":{"rendered":"<h3>Der August endet unerfreulich<\/h3>\n<p>Entt\u00e4uschter FV, denn beim 2:3 in Ursensollen schlug sich die Gra\u00dfler-Elf weitestgehend selbst. Dabei begann das Spiel mit einer enorm druckvollen G\u00e4steelf. Allerdings fehlte in dieser Drangphase erneut der Killerinstinkt, sich f\u00fcr den Aufwand zu belohnen. Die \u00fcberfallartigen Konter der DJK wurden h\u00e4ufiger und verfehlten ihre Wirkung nicht: sp\u00e4testens nach 30 Minuten \u00fcbernahm die Heimelf das Kommando. Die gr\u00f6\u00dfte Chance vereitelte Stephan Pr\u00f6ls nach 33 Minuten gegen den durchgebrochenen Sven Weizer. Auch in der zweiten H\u00e4lfte war die DJK zun\u00e4chst aktiver und ging nach einer Ecke in der 48. Minute durch Fabian Meier in F\u00fchrung. Kurz darauf stibitzte Thomas Kotzbauer dem FV-Keeper den Ball und schob zum 2:0 ins leere Tor. In der n\u00e4chsten Aktion machte es Pr\u00f6ls besser und verhinderte mit einer Glanzparade gegen Weizer die Vorentscheidung. Ein Chip von Jona Lang hinter die DJK-Kette verl\u00e4ngerte Max Sch\u00f6nberger per Kopf \u00fcber den herauseilenden Keeper zum Anschluss (59.), doch die aufkeimende Hoffnung war nach einem Fehlpass im Spielaufbau und dem daraus resultierenden 3:1 durch Dumitru Melenciuc (71.) wieder dahin. Der neuerliche Anschluss durch Dominik Rudlof (83.) kam zu sp\u00e4t, der FV konnte kein weiteres Mal richtig gef\u00e4hrlich werden.<\/p>\n<p>Entt\u00e4uschung auch bei der SG Sorghof\/Vilseck: mit dem 3:6 bei der SG UPO\/Gebenbach setzte es die dritte Pleite in Serie. Dabei lief es dieses Mal nach dem R\u00fcckstand durch Paul Sammet (34.) besser: Elias Hermann (37.) und Udo Hagerer (60.) drehten die Partie. Die Hausherren schlugen durch Sandro Hoffmann (66.) und Ramon Morkus (77.) zur\u00fcck, doch wieder kam die SG durch Martin W\u00f6lker zum Ausgleich (82.). Eine f\u00fcrchterliche Schlussphase brachte der Heimelf durch Tore von Maximilian Rumpler (85.), Jonas Vogel (88.) und abermals Morkus (89.) dann doch noch den Sieg.<\/p>\n","protected":false},"excerpt":{"rendered":"<p>Der August endet unerfreulich Entt\u00e4uschter FV, denn beim 2:3 in Ursensollen schlug sich die Gra\u00dfler-Elf weitestgehend selbst. Dabei begann das Spiel mit einer enorm druckvollen G\u00e4steelf. Allerdings fehlte in dieser Drangphase erneut der Killerinstinkt, sich f\u00fcr den Aufwand zu belohnen. Die \u00fcberfallartigen Konter der DJK wurden h\u00e4ufiger und verfehlten ihre Wirkung nicht: sp\u00e4testens nach 30<\/p>\n<p><a class=\"read-more\" href=\"https:\/\/fv-vilseck.de\/?p=6364\"> Mehr lesen&#8230;<\/a><\/p>\n","protected":false},"author":3,"featured_media":6365,"comment_status":"open","ping_status":"open","sticky":false,"template":"","format":"standard","meta":{"footnotes":""},"categories":[1],"tags":[],"class_list":["post-6364","post","type-post","status-publish","format-standard","has-post-thumbnail","hentry","category-allgemein"],"_links":{"self":[{"href":"https:\/\/fv-vilseck.de\/index.php?rest_route=\/wp\/v2\/posts\/6364","targetHints":{"allow":["GET"]}}],"collection":[{"href":"https:\/\/fv-vilseck.de\/index.php?rest_route=\/wp\/v2\/posts"}],"about":[{"href":"https:\/\/fv-vilseck.de\/index.php?rest_route=\/wp\/v2\/types\/post"}],"author":[{"embeddable":true,"href":"https:\/\/fv-vilseck.de\/index.php?rest_route=\/wp\/v2\/users\/3"}],"replies":[{"embeddable":true,"href":"https:\/\/fv-vilseck.de\/index.php?rest_route=%2Fwp%2Fv2%2Fcomments&post=6364"}],"version-history":[{"count":2,"href":"https:\/\/fv-vilseck.de\/index.php?rest_route=\/wp\/v2\/posts\/6364\/revisions"}],"predecessor-version":[{"id":6373,"href":"https:\/\/fv-vilseck.de\/index.php?rest_route=\/wp\/v2\/posts\/6364\/revisions\/6373"}],"wp:featuredmedia":[{"embeddable":true,"href":"https:\/\/fv-vilseck.de\/index.php?rest_route=\/wp\/v2\/media\/6365"}],"wp:attachment":[{"href":"https:\/\/fv-vilseck.de\/index.php?rest_route=%2Fwp%2Fv2%2Fmedia&parent=6364"}],"wp:term":[{"taxonomy":"category","embeddable":true,"href":"https:\/\/fv-vilseck.de\/index.php?rest_route=%2Fwp%2Fv2%2Fcategories&post=6364"},{"taxonomy":"post_tag","embeddable":true,"href":"https:\/\/fv-vilseck.de\/index.php?rest_route=%2Fwp%2Fv2%2Ftags&post=6364"}],"curies":[{"name":"wp","href":"https:\/\/api.w.org\/{rel}","templated":true}]}}