{"id":6358,"date":"2025-08-24T17:22:57","date_gmt":"2025-08-24T15:22:57","guid":{"rendered":"https:\/\/fv-vilseck.de\/?p=6358"},"modified":"2025-08-24T17:25:15","modified_gmt":"2025-08-24T15:25:15","slug":"heimremis-gegen-schmidmuehlen","status":"publish","type":"post","link":"https:\/\/fv-vilseck.de\/?p=6358","title":{"rendered":"Heimremis gegen Schmidm\u00fchlen"},"content":{"rendered":"<h3>Heimremis gegen Schmidm\u00fchlen<\/h3>\n<p>Ein torloses Remis sahen die Zuschauer beim Auftakt in den 5. Spieltag der Kreisliga S\u00fcd zwischen dem FV Vilseck und dem SV Schmidm\u00fchlen. Beide Teams versuchten von Beginn an, schnell nach vorne zu agieren, konnten sich aber kaum vor den Toren in Szene setzen. Ein Suttner-Freisto\u00df war f\u00fcr den G\u00e4stekeeper Lochner dank der tiefstehenden Sonne unangenehm (13.). Samuel Schmidt war einmal frei durch, den nicht ganz einfachen Abschluss parierte Lochner (21.). Und Dominik Rudlof setzte einen Abschluss knapp \u00fcber den Querbalken (31.). Mehr gab es in H\u00e4lfte eins nicht zu sehen. Die zweite Halbzeit begann zerfahren, der FV kam nach etwa 60 Minuten als erster zur\u00fcck ins Spiel und hatte nun seine st\u00e4rkste Phase. Die Chance des Spiels gab es in der 67. Minute: Lochner lie\u00df einen Rudlof-Schuss nach vorne prallen, Max Sch\u00f6nberger brachte den Abstauber aber nicht am nachsetzenden Keeper vorbei. F\u00fcnf Minuten sp\u00e4ter kratzte abermals Lochner eine abgerutschte Suttner-Flanke aus dem Dreieck. Die G\u00e4ste fingen sich wieder und kamen in der Schlussphase selbst noch zu zwei Abschl\u00fcssen: Lukas H\u00e4rtl zielte \u00fcber das Tor, Andreas Wei\u00df traf das Au\u00dfennetz. Unter dem Strich stand ein leistungsgerechtes Unentschieden, bei dem die Heimelf dem Dreier etwas n\u00e4her war. Trainer Gra\u00dfler zeigte sich jedoch nicht unzufrieden: \u201eDas Entscheidende ist, dass wir einen Punkt erreicht und abermals zu Null gespielt haben. Darauf l\u00e4sst sich schon aufbauen.\u201c<\/p>\n<p>Eine weitere Entt\u00e4uschung musste hingegen die SG Sorghof\/Vilseck hinnehmen. Gegen den TuS Schnaittenbach gab es eine 0:2-Heimniederlage. In einer ausgeglichenen ersten H\u00e4lfte gab es in einem flotten Spiel f\u00fcr beide Teams M\u00f6glichkeiten. Sebastian Dietrich scheiterte mit einem Schlenzer f\u00fcr die G\u00e4ste (15.), Udo Hagerer f\u00fcr die SG an der Latte (18.). Nur eine Minute sp\u00e4ter parierte TuS-Keeper Konstantin F\u00f6rst einen Abschluss von Jonah Glei\u00dfner und den Nachschuss von Hagerer. Die SG startete druckvoll in die zweite H\u00e4lfte: nach einer Ecke k\u00f6pfte Martin W\u00f6lker ans Lattenkreuz, den Abpraller setzte Hagerer \u00fcber die Querlatte. In die Drangphase der Heimelf schlug der TuS dann zu: einen Schuss von Jonas Schr\u00f6ter kratzte Manfred Schmidt noch von der Linie (54.). Eine Minute sp\u00e4ter war es dann passiert: bei einem langen Schlag kam Sebastian Dietrich vor dem herauseilenden Maximilian Wei\u00df an den Ball und vollendete zum 0:1. Wolfgang Krisch legte per sattem Distanzschuss sofort nach (58.). Danach \u00fcbernahm die SG zwar wieder das Kommando, doch Schnaittenbach verteidigte kompromisslos. Die wenigen B\u00e4lle, die durchkamen, waren sichere Beute des guten Schlussmannes F\u00f6rst. So entf\u00fchrten die G\u00e4ste die Punkte nicht einmal unverdient aufgrund ihrer Effizienz und Geschlossenheit.<\/p>\n","protected":false},"excerpt":{"rendered":"<p>Heimremis gegen Schmidm\u00fchlen Ein torloses Remis sahen die Zuschauer beim Auftakt in den 5. Spieltag der Kreisliga S\u00fcd zwischen dem FV Vilseck und dem SV Schmidm\u00fchlen. Beide Teams versuchten von Beginn an, schnell nach vorne zu agieren, konnten sich aber kaum vor den Toren in Szene setzen. Ein Suttner-Freisto\u00df war f\u00fcr den G\u00e4stekeeper Lochner dank<\/p>\n<p><a class=\"read-more\" href=\"https:\/\/fv-vilseck.de\/?p=6358\"> Mehr lesen&#8230;<\/a><\/p>\n","protected":false},"author":3,"featured_media":6357,"comment_status":"open","ping_status":"open","sticky":false,"template":"","format":"standard","meta":{"footnotes":""},"categories":[1],"tags":[],"class_list":["post-6358","post","type-post","status-publish","format-standard","has-post-thumbnail","hentry","category-allgemein"],"_links":{"self":[{"href":"https:\/\/fv-vilseck.de\/index.php?rest_route=\/wp\/v2\/posts\/6358","targetHints":{"allow":["GET"]}}],"collection":[{"href":"https:\/\/fv-vilseck.de\/index.php?rest_route=\/wp\/v2\/posts"}],"about":[{"href":"https:\/\/fv-vilseck.de\/index.php?rest_route=\/wp\/v2\/types\/post"}],"author":[{"embeddable":true,"href":"https:\/\/fv-vilseck.de\/index.php?rest_route=\/wp\/v2\/users\/3"}],"replies":[{"embeddable":true,"href":"https:\/\/fv-vilseck.de\/index.php?rest_route=%2Fwp%2Fv2%2Fcomments&post=6358"}],"version-history":[{"count":2,"href":"https:\/\/fv-vilseck.de\/index.php?rest_route=\/wp\/v2\/posts\/6358\/revisions"}],"predecessor-version":[{"id":6360,"href":"https:\/\/fv-vilseck.de\/index.php?rest_route=\/wp\/v2\/posts\/6358\/revisions\/6360"}],"wp:featuredmedia":[{"embeddable":true,"href":"https:\/\/fv-vilseck.de\/index.php?rest_route=\/wp\/v2\/media\/6357"}],"wp:attachment":[{"href":"https:\/\/fv-vilseck.de\/index.php?rest_route=%2Fwp%2Fv2%2Fmedia&parent=6358"}],"wp:term":[{"taxonomy":"category","embeddable":true,"href":"https:\/\/fv-vilseck.de\/index.php?rest_route=%2Fwp%2Fv2%2Fcategories&post=6358"},{"taxonomy":"post_tag","embeddable":true,"href":"https:\/\/fv-vilseck.de\/index.php?rest_route=%2Fwp%2Fv2%2Ftags&post=6358"}],"curies":[{"name":"wp","href":"https:\/\/api.w.org\/{rel}","templated":true}]}}