{"id":6351,"date":"2025-08-20T10:39:26","date_gmt":"2025-08-20T08:39:26","guid":{"rendered":"https:\/\/fv-vilseck.de\/?p=6351"},"modified":"2025-08-20T16:25:33","modified_gmt":"2025-08-20T14:25:33","slug":"staz-und-vorbericht-fv-vilseck-sv-schmidmuehlen-fr-1900-uhr","status":"publish","type":"post","link":"https:\/\/fv-vilseck.de\/?p=6351","title":{"rendered":"Staz und Vorbericht FV Vilseck : SV Schmidm\u00fchlen Fr. 19:00 Uhr"},"content":{"rendered":"<p>Der FV scheint nach dem kleinen Fehlstart nun in der Kreisliga angekommen zu sein. Kam der Sieg beim ASV Haselm\u00fchl noch ein wenig holprig daher, bot man am vergangenen Sonntag gegen den TuS Rosenberg eine rundum gelungene Vorstellung. \u201eEin richtig gutes Spiel\u201c hatte nicht nur Trainer Tobi Gra\u00dfler gesehen: die Defensive lie\u00df fast \u00fcberhaupt nichts zu und die Offensive zeigte sich spielfreudig.<\/p>\n<p>Am Freitag, 22.08.25 ab 19.00 Uhr folgt nun das Heimspiel gegen den SV Schmidm\u00fchlen. Die G\u00e4ste pr\u00e4sentierten sich zuletzt in guter Form und sind nach ihrer Auftaktniederlage in Edelsfeld seit drei Spieltagen ungeschlagen. Die letzten beiden Heimspiele gegen den SV mag der ein oder andere noch in guter Erinnerung haben: 6:1 und 9:1 lauteten die Resultate, die jedoch am Freitag schwerlich zu erwarten sind. Auf die j\u00fcngste Leistung aufbauend will man es dem Vorjahresneunten um Spielertrainer Alexander Greger, der auch ein Jahr lang die Stiefel f\u00fcr den FV schn\u00fcrte, aber m\u00f6glichst schwer machen, etwas mitzunehmen.<\/p>\n<p>Ein bisschen Weichenstellung kommt der Partie sicherlich zu: beide Teams w\u00fcrden mit einem Sieg den Anschluss an die Tabellenspitze herstellen und schon fr\u00fch ein wenig Luft nach unten schaffen.<\/p>\n<p>Die SG Sorghof\/Vilseck empf\u00e4ngt am Sonntag, 24.08.25 ab 15.00 Uhr in Sorghof den TuS Schnaittenbach und m\u00f6chte die herbe Entt\u00e4uschung aus dem Weiherhammer-Spiel vergessen machen. Beide Teams freuen sich auf Eure Unterst\u00fctzung!<\/p>\n<p>&nbsp;<\/p>\n<p><span style=\"color: #ff0000;\"><strong>Stadionzeitung Online:<\/strong><\/span><\/p>\n<p><a href=\"https:\/\/fv-vilseck.de\/wp-content\/uploads\/2025\/08\/2025-26_03_SV-Schmidmuehlen_HP.pdf\"><img loading=\"lazy\" decoding=\"async\" class=\"alignnone wp-image-5352 size-medium\" src=\"https:\/\/fv-vilseck.de\/wp-content\/uploads\/2022\/03\/20211014_Bild-fuer-STAZ-Link-300x169.jpg\" alt=\"\" width=\"300\" height=\"169\" srcset=\"https:\/\/fv-vilseck.de\/wp-content\/uploads\/2022\/03\/20211014_Bild-fuer-STAZ-Link-300x169.jpg 300w, https:\/\/fv-vilseck.de\/wp-content\/uploads\/2022\/03\/20211014_Bild-fuer-STAZ-Link-1024x576.jpg 1024w, https:\/\/fv-vilseck.de\/wp-content\/uploads\/2022\/03\/20211014_Bild-fuer-STAZ-Link-768x432.jpg 768w, https:\/\/fv-vilseck.de\/wp-content\/uploads\/2022\/03\/20211014_Bild-fuer-STAZ-Link-1536x864.jpg 1536w, https:\/\/fv-vilseck.de\/wp-content\/uploads\/2022\/03\/20211014_Bild-fuer-STAZ-Link.jpg 1920w\" sizes=\"auto, (max-width: 300px) 100vw, 300px\" \/><\/a><\/p>\n<p><a href=\"https:\/\/fv-vilseck.de\/wp-content\/uploads\/2025\/08\/2025-26_03_SV-Schmidmuehlen_HP.pdf\">2025-26_03_SV Schmidm\u00fchlen_HP<\/a><\/p>\n","protected":false},"excerpt":{"rendered":"<p>Der FV scheint nach dem kleinen Fehlstart nun in der Kreisliga angekommen zu sein. Kam der Sieg beim ASV Haselm\u00fchl noch ein wenig holprig daher, bot man am vergangenen Sonntag gegen den TuS Rosenberg eine rundum gelungene Vorstellung. \u201eEin richtig gutes Spiel\u201c hatte nicht nur Trainer Tobi Gra\u00dfler gesehen: die Defensive lie\u00df fast \u00fcberhaupt nichts<\/p>\n<p><a class=\"read-more\" href=\"https:\/\/fv-vilseck.de\/?p=6351\"> Mehr lesen&#8230;<\/a><\/p>\n","protected":false},"author":3,"featured_media":6355,"comment_status":"open","ping_status":"open","sticky":false,"template":"","format":"standard","meta":{"footnotes":""},"categories":[4,1],"tags":[],"class_list":["post-6351","post","type-post","status-publish","format-standard","has-post-thumbnail","hentry","category-1-mannschaft","category-allgemein"],"_links":{"self":[{"href":"https:\/\/fv-vilseck.de\/index.php?rest_route=\/wp\/v2\/posts\/6351","targetHints":{"allow":["GET"]}}],"collection":[{"href":"https:\/\/fv-vilseck.de\/index.php?rest_route=\/wp\/v2\/posts"}],"about":[{"href":"https:\/\/fv-vilseck.de\/index.php?rest_route=\/wp\/v2\/types\/post"}],"author":[{"embeddable":true,"href":"https:\/\/fv-vilseck.de\/index.php?rest_route=\/wp\/v2\/users\/3"}],"replies":[{"embeddable":true,"href":"https:\/\/fv-vilseck.de\/index.php?rest_route=%2Fwp%2Fv2%2Fcomments&post=6351"}],"version-history":[{"count":3,"href":"https:\/\/fv-vilseck.de\/index.php?rest_route=\/wp\/v2\/posts\/6351\/revisions"}],"predecessor-version":[{"id":6356,"href":"https:\/\/fv-vilseck.de\/index.php?rest_route=\/wp\/v2\/posts\/6351\/revisions\/6356"}],"wp:featuredmedia":[{"embeddable":true,"href":"https:\/\/fv-vilseck.de\/index.php?rest_route=\/wp\/v2\/media\/6355"}],"wp:attachment":[{"href":"https:\/\/fv-vilseck.de\/index.php?rest_route=%2Fwp%2Fv2%2Fmedia&parent=6351"}],"wp:term":[{"taxonomy":"category","embeddable":true,"href":"https:\/\/fv-vilseck.de\/index.php?rest_route=%2Fwp%2Fv2%2Fcategories&post=6351"},{"taxonomy":"post_tag","embeddable":true,"href":"https:\/\/fv-vilseck.de\/index.php?rest_route=%2Fwp%2Fv2%2Ftags&post=6351"}],"curies":[{"name":"wp","href":"https:\/\/api.w.org\/{rel}","templated":true}]}}